{"id":2293,"date":"2023-12-07T10:18:07","date_gmt":"2023-12-07T09:18:07","guid":{"rendered":"https:\/\/www.prolocobollengo.it\/?p=2293"},"modified":"2023-12-07T10:18:07","modified_gmt":"2023-12-07T09:18:07","slug":"un-anno-straordinario-per-la-nostra-pro-loco","status":"publish","type":"post","link":"https:\/\/www.prolocobollengo.it\/?p=2293","title":{"rendered":"Un anno straordinario per la nostra Pro Loco"},"content":{"rendered":"\n<p>Il 2023 \u00e8 stato un anno davvero straordinario per la nostra Pro Loco. Un bilancio assolutamente positivo, grazie alle tantissime iniziative che abbiamo messo in campo e alla risposta di chi ci segue nelle nostre numerose attivit\u00e0.<\/p>\n\n\n\n<p>I nostri venerd\u00ec sera hanno dato nuova vita all&#8217;estate bollenghina, cos\u00ec come la serata giovani a giugno, la patronale di Santt&#8217;Eusebio e il grande evento a settembre con l&#8217;Orchestra di Gian Marco Bagutti e la cena della bagna cauda, che concluso questo anno da favola.<\/p>\n\n\n\n<p>Ora ci aspetta un 2024 ancora pi\u00f9 ricco di manifestazioni e sorprese!<\/p>\n\n\n\n<p>Un ringraziamento speciale va a tutti i volontari che si sono impegnati in questi anni, in particolare a Paolo Ceresa e a Elena Cossu che dopo molti anni di servizio hanno deciso di lasciare il Direttivo.<\/p>\n\n\n\n<p>Con l&#8217;occasione vogliamo rivolgere un invito a tutti coloro che vorrebbero entrare a far parte della nostra associazione. Siamo in cerca di persone nuove che vogliano mettersi in gioco e proporre nuove idee per proseguire nel nostro percorso e crescere sempre di pi\u00f9!<\/p>\n\n\n\n<p>Vi aspettiamo e nel frattempo auguriamo a tutti un buonissimo Natale e un nuovo anno pieno di felicit\u00e0 e soddisfazioni!<\/p>\n\n\n\n<figure class=\"wp-block-image size-large\"><img loading=\"lazy\" width=\"1023\" height=\"414\" src=\"https:\/\/www.prolocobollengo.it\/wp-content\/uploads\/2023\/12\/pro-loco-fine-anno-2023.jpg\" alt=\"pro loco fine anno 2023\" class=\"wp-image-2294\" srcset=\"https:\/\/www.prolocobollengo.it\/wp-content\/uploads\/2023\/12\/pro-loco-fine-anno-2023.jpg 1023w, https:\/\/www.prolocobollengo.it\/wp-content\/uploads\/2023\/12\/pro-loco-fine-anno-2023-300x121.jpg 300w, https:\/\/www.prolocobollengo.it\/wp-content\/uploads\/2023\/12\/pro-loco-fine-anno-2023-768x311.jpg 768w\" sizes=\"(max-width: 1023px) 100vw, 1023px\" \/><\/figure>\n","protected":false},"excerpt":{"rendered":"<p>Il 2023 \u00e8 stato un anno davvero straordinario per la nostra Pro Loco. Un bilancio assolutamente positivo, grazie alle tantissime iniziative che abbiamo messo in campo e alla risposta di chi ci segue nelle nostre numerose attivit\u00e0. I nostri venerd\u00ec sera hanno dato nuova vita all&#8217;estate bollenghina, cos\u00ec come la serata giovani a giugno, la [&hellip;]<\/p>\n","protected":false},"author":1,"featured_media":2295,"comment_status":"open","ping_status":"open","sticky":false,"template":"","format":"standard","meta":[],"categories":[1],"tags":[],"yoast_head":"<!-- This site is optimized with the Yoast SEO plugin v17.3 - https:\/\/yoast.com\/wordpress\/plugins\/seo\/ -->\r\n<title>Un anno straordinario per la nostra Pro Loco - Pro Loco di Bollengo<\/title>\r\n<meta name=\"robots\" content=\"noindex, follow\" \/>\r\n<meta property=\"og:locale\" content=\"it_IT\" \/>\r\n<meta property=\"og:type\" content=\"article\" \/>\r\n<meta property=\"og:title\" content=\"Un anno straordinario per la nostra Pro Loco - Pro Loco di Bollengo\" \/>\r\n<meta property=\"og:description\" content=\"Il 2023 \u00e8 stato un anno davvero straordinario per la nostra Pro Loco. Un bilancio assolutamente positivo, grazie alle tantissime iniziative che abbiamo messo in campo e alla risposta di chi ci segue nelle nostre numerose attivit\u00e0. I nostri venerd\u00ec sera hanno dato nuova vita all&#8217;estate bollenghina, cos\u00ec come la serata giovani a giugno, la [&hellip;]\" \/>\r\n<meta property=\"og:url\" content=\"https:\/\/www.prolocobollengo.it\/?p=2293\" \/>\r\n<meta property=\"og:site_name\" content=\"Pro Loco di Bollengo\" \/>\r\n<meta property=\"article:publisher\" content=\"https:\/\/www.facebook.com\/www.prolocobollengo.it\/\" \/>\r\n<meta property=\"article:published_time\" content=\"2023-12-07T09:18:07+00:00\" \/>\r\n<meta property=\"og:image\" content=\"https:\/\/www.prolocobollengo.it\/wp-content\/uploads\/2023\/12\/pro-loco-serata-bagutti.jpg\" \/>\r\n\t<meta property=\"og:image:width\" content=\"1280\" \/>\r\n\t<meta property=\"og:image:height\" content=\"960\" \/>\r\n<meta name=\"twitter:label1\" content=\"Scritto da\" \/>\n\t<meta name=\"twitter:data1\" content=\"alessandra\" \/>\n\t<meta name=\"twitter:label2\" content=\"Tempo di lettura stimato\" \/>\n\t<meta name=\"twitter:data2\" content=\"1 minuto\" \/>\r\n<script type=\"application\/ld+json\" class=\"yoast-schema-graph\">{\"@context\":\"https:\/\/schema.org\",\"@graph\":[{\"@type\":\"Organization\",\"@id\":\"https:\/\/www.prolocobollengo.it\/#organization\",\"name\":\"Associazione Turistica Pro Loco Bollengo\",\"url\":\"https:\/\/www.prolocobollengo.it\/\",\"sameAs\":[\"https:\/\/www.facebook.com\/www.prolocobollengo.it\/\",\"https:\/\/www.instagram.com\/proloco_bollengo\/\"],\"logo\":{\"@type\":\"ImageObject\",\"@id\":\"https:\/\/www.prolocobollengo.it\/#logo\",\"inLanguage\":\"it-IT\",\"url\":\"\",\"contentUrl\":\"\",\"caption\":\"Associazione Turistica Pro Loco Bollengo\"},\"image\":{\"@id\":\"https:\/\/www.prolocobollengo.it\/#logo\"}},{\"@type\":\"WebSite\",\"@id\":\"https:\/\/www.prolocobollengo.it\/#website\",\"url\":\"https:\/\/www.prolocobollengo.it\/\",\"name\":\"Pro Loco di Bollengo\",\"description\":\"Associazione Turistica\",\"publisher\":{\"@id\":\"https:\/\/www.prolocobollengo.it\/#organization\"},\"potentialAction\":[{\"@type\":\"SearchAction\",\"target\":{\"@type\":\"EntryPoint\",\"urlTemplate\":\"https:\/\/www.prolocobollengo.it\/?s={search_term_string}\"},\"query-input\":\"required name=search_term_string\"}],\"inLanguage\":\"it-IT\"},{\"@type\":\"ImageObject\",\"@id\":\"https:\/\/www.prolocobollengo.it\/?p=2293#primaryimage\",\"inLanguage\":\"it-IT\",\"url\":\"https:\/\/www.prolocobollengo.it\/wp-content\/uploads\/2023\/12\/pro-loco-serata-bagutti.jpg\",\"contentUrl\":\"https:\/\/www.prolocobollengo.it\/wp-content\/uploads\/2023\/12\/pro-loco-serata-bagutti.jpg\",\"width\":1280,\"height\":960,\"caption\":\"pro loco serata bagutti\"},{\"@type\":\"WebPage\",\"@id\":\"https:\/\/www.prolocobollengo.it\/?p=2293#webpage\",\"url\":\"https:\/\/www.prolocobollengo.it\/?p=2293\",\"name\":\"Un anno straordinario per la nostra Pro Loco - Pro Loco di Bollengo\",\"isPartOf\":{\"@id\":\"https:\/\/www.prolocobollengo.it\/#website\"},\"primaryImageOfPage\":{\"@id\":\"https:\/\/www.prolocobollengo.it\/?p=2293#primaryimage\"},\"datePublished\":\"2023-12-07T09:18:07+00:00\",\"dateModified\":\"2023-12-07T09:18:07+00:00\",\"breadcrumb\":{\"@id\":\"https:\/\/www.prolocobollengo.it\/?p=2293#breadcrumb\"},\"inLanguage\":\"it-IT\",\"potentialAction\":[{\"@type\":\"ReadAction\",\"target\":[\"https:\/\/www.prolocobollengo.it\/?p=2293\"]}]},{\"@type\":\"BreadcrumbList\",\"@id\":\"https:\/\/www.prolocobollengo.it\/?p=2293#breadcrumb\",\"itemListElement\":[{\"@type\":\"ListItem\",\"position\":1,\"name\":\"Home\",\"item\":\"https:\/\/www.prolocobollengo.it\/\"},{\"@type\":\"ListItem\",\"position\":2,\"name\":\"Un anno straordinario per la nostra Pro Loco\"}]},{\"@type\":\"Article\",\"@id\":\"https:\/\/www.prolocobollengo.it\/?p=2293#article\",\"isPartOf\":{\"@id\":\"https:\/\/www.prolocobollengo.it\/?p=2293#webpage\"},\"author\":{\"@id\":\"https:\/\/www.prolocobollengo.it\/#\/schema\/person\/de7660e8b52770069e0c1a75d0439b72\"},\"headline\":\"Un anno straordinario per la nostra Pro Loco\",\"datePublished\":\"2023-12-07T09:18:07+00:00\",\"dateModified\":\"2023-12-07T09:18:07+00:00\",\"mainEntityOfPage\":{\"@id\":\"https:\/\/www.prolocobollengo.it\/?p=2293#webpage\"},\"wordCount\":199,\"commentCount\":0,\"publisher\":{\"@id\":\"https:\/\/www.prolocobollengo.it\/#organization\"},\"image\":{\"@id\":\"https:\/\/www.prolocobollengo.it\/?p=2293#primaryimage\"},\"thumbnailUrl\":\"https:\/\/www.prolocobollengo.it\/wp-content\/uploads\/2023\/12\/pro-loco-serata-bagutti.jpg\",\"inLanguage\":\"it-IT\",\"potentialAction\":[{\"@type\":\"CommentAction\",\"name\":\"Comment\",\"target\":[\"https:\/\/www.prolocobollengo.it\/?p=2293#respond\"]}]},{\"@type\":\"Person\",\"@id\":\"https:\/\/www.prolocobollengo.it\/#\/schema\/person\/de7660e8b52770069e0c1a75d0439b72\",\"name\":\"alessandra\",\"image\":{\"@type\":\"ImageObject\",\"@id\":\"https:\/\/www.prolocobollengo.it\/#personlogo\",\"inLanguage\":\"it-IT\",\"url\":\"https:\/\/secure.gravatar.com\/avatar\/e0dd4c19ddc6acf80c04bc258c9609c2?s=96&r=g\",\"contentUrl\":\"https:\/\/secure.gravatar.com\/avatar\/e0dd4c19ddc6acf80c04bc258c9609c2?s=96&r=g\",\"caption\":\"alessandra\"},\"sameAs\":[\"http:\/\/www.prolocobollengo.it\"],\"url\":\"https:\/\/www.prolocobollengo.it\/?author=1\"}]}<\/script>\r\n<!-- \/ Yoast SEO plugin. -->","yoast_head_json":{"title":"Un anno straordinario per la nostra Pro Loco - Pro Loco di Bollengo","robots":{"index":"noindex","follow":"follow"},"og_locale":"it_IT","og_type":"article","og_title":"Un anno straordinario per la nostra Pro Loco - Pro Loco di Bollengo","og_description":"Il 2023 \u00e8 stato un anno davvero straordinario per la nostra Pro Loco. Un bilancio assolutamente positivo, grazie alle tantissime iniziative che abbiamo messo in campo e alla risposta di chi ci segue nelle nostre numerose attivit\u00e0. I nostri venerd\u00ec sera hanno dato nuova vita all&#8217;estate bollenghina, cos\u00ec come la serata giovani a giugno, la [&hellip;]","og_url":"https:\/\/www.prolocobollengo.it\/?p=2293","og_site_name":"Pro Loco di Bollengo","article_publisher":"https:\/\/www.facebook.com\/www.prolocobollengo.it\/","article_published_time":"2023-12-07T09:18:07+00:00","og_image":[{"width":1280,"height":960,"url":"https:\/\/www.prolocobollengo.it\/wp-content\/uploads\/2023\/12\/pro-loco-serata-bagutti.jpg","type":"image\/jpeg"}],"twitter_misc":{"Scritto da":"alessandra","Tempo di lettura stimato":"1 minuto"},"schema":{"@context":"https:\/\/schema.org","@graph":[{"@type":"Organization","@id":"https:\/\/www.prolocobollengo.it\/#organization","name":"Associazione Turistica Pro Loco Bollengo","url":"https:\/\/www.prolocobollengo.it\/","sameAs":["https:\/\/www.facebook.com\/www.prolocobollengo.it\/","https:\/\/www.instagram.com\/proloco_bollengo\/"],"logo":{"@type":"ImageObject","@id":"https:\/\/www.prolocobollengo.it\/#logo","inLanguage":"it-IT","url":"","contentUrl":"","caption":"Associazione Turistica Pro Loco Bollengo"},"image":{"@id":"https:\/\/www.prolocobollengo.it\/#logo"}},{"@type":"WebSite","@id":"https:\/\/www.prolocobollengo.it\/#website","url":"https:\/\/www.prolocobollengo.it\/","name":"Pro Loco di Bollengo","description":"Associazione Turistica","publisher":{"@id":"https:\/\/www.prolocobollengo.it\/#organization"},"potentialAction":[{"@type":"SearchAction","target":{"@type":"EntryPoint","urlTemplate":"https:\/\/www.prolocobollengo.it\/?s={search_term_string}"},"query-input":"required name=search_term_string"}],"inLanguage":"it-IT"},{"@type":"ImageObject","@id":"https:\/\/www.prolocobollengo.it\/?p=2293#primaryimage","inLanguage":"it-IT","url":"https:\/\/www.prolocobollengo.it\/wp-content\/uploads\/2023\/12\/pro-loco-serata-bagutti.jpg","contentUrl":"https:\/\/www.prolocobollengo.it\/wp-content\/uploads\/2023\/12\/pro-loco-serata-bagutti.jpg","width":1280,"height":960,"caption":"pro loco serata bagutti"},{"@type":"WebPage","@id":"https:\/\/www.prolocobollengo.it\/?p=2293#webpage","url":"https:\/\/www.prolocobollengo.it\/?p=2293","name":"Un anno straordinario per la nostra Pro Loco - Pro Loco di Bollengo","isPartOf":{"@id":"https:\/\/www.prolocobollengo.it\/#website"},"primaryImageOfPage":{"@id":"https:\/\/www.prolocobollengo.it\/?p=2293#primaryimage"},"datePublished":"2023-12-07T09:18:07+00:00","dateModified":"2023-12-07T09:18:07+00:00","breadcrumb":{"@id":"https:\/\/www.prolocobollengo.it\/?p=2293#breadcrumb"},"inLanguage":"it-IT","potentialAction":[{"@type":"ReadAction","target":["https:\/\/www.prolocobollengo.it\/?p=2293"]}]},{"@type":"BreadcrumbList","@id":"https:\/\/www.prolocobollengo.it\/?p=2293#breadcrumb","itemListElement":[{"@type":"ListItem","position":1,"name":"Home","item":"https:\/\/www.prolocobollengo.it\/"},{"@type":"ListItem","position":2,"name":"Un anno straordinario per la nostra Pro Loco"}]},{"@type":"Article","@id":"https:\/\/www.prolocobollengo.it\/?p=2293#article","isPartOf":{"@id":"https:\/\/www.prolocobollengo.it\/?p=2293#webpage"},"author":{"@id":"https:\/\/www.prolocobollengo.it\/#\/schema\/person\/de7660e8b52770069e0c1a75d0439b72"},"headline":"Un anno straordinario per la nostra Pro Loco","datePublished":"2023-12-07T09:18:07+00:00","dateModified":"2023-12-07T09:18:07+00:00","mainEntityOfPage":{"@id":"https:\/\/www.prolocobollengo.it\/?p=2293#webpage"},"wordCount":199,"commentCount":0,"publisher":{"@id":"https:\/\/www.prolocobollengo.it\/#organization"},"image":{"@id":"https:\/\/www.prolocobollengo.it\/?p=2293#primaryimage"},"thumbnailUrl":"https:\/\/www.prolocobollengo.it\/wp-content\/uploads\/2023\/12\/pro-loco-serata-bagutti.jpg","inLanguage":"it-IT","potentialAction":[{"@type":"CommentAction","name":"Comment","target":["https:\/\/www.prolocobollengo.it\/?p=2293#respond"]}]},{"@type":"Person","@id":"https:\/\/www.prolocobollengo.it\/#\/schema\/person\/de7660e8b52770069e0c1a75d0439b72","name":"alessandra","image":{"@type":"ImageObject","@id":"https:\/\/www.prolocobollengo.it\/#personlogo","inLanguage":"it-IT","url":"https:\/\/secure.gravatar.com\/avatar\/e0dd4c19ddc6acf80c04bc258c9609c2?s=96&r=g","contentUrl":"https:\/\/secure.gravatar.com\/avatar\/e0dd4c19ddc6acf80c04bc258c9609c2?s=96&r=g","caption":"alessandra"},"sameAs":["http:\/\/www.prolocobollengo.it"],"url":"https:\/\/www.prolocobollengo.it\/?author=1"}]}},"_links":{"self":[{"href":"https:\/\/www.prolocobollengo.it\/index.php?rest_route=\/wp\/v2\/posts\/2293"}],"collection":[{"href":"https:\/\/www.prolocobollengo.it\/index.php?rest_route=\/wp\/v2\/posts"}],"about":[{"href":"https:\/\/www.prolocobollengo.it\/index.php?rest_route=\/wp\/v2\/types\/post"}],"author":[{"embeddable":true,"href":"https:\/\/www.prolocobollengo.it\/index.php?rest_route=\/wp\/v2\/users\/1"}],"replies":[{"embeddable":true,"href":"https:\/\/www.prolocobollengo.it\/index.php?rest_route=%2Fwp%2Fv2%2Fcomments&post=2293"}],"version-history":[{"count":1,"href":"https:\/\/www.prolocobollengo.it\/index.php?rest_route=\/wp\/v2\/posts\/2293\/revisions"}],"predecessor-version":[{"id":2296,"href":"https:\/\/www.prolocobollengo.it\/index.php?rest_route=\/wp\/v2\/posts\/2293\/revisions\/2296"}],"wp:featuredmedia":[{"embeddable":true,"href":"https:\/\/www.prolocobollengo.it\/index.php?rest_route=\/wp\/v2\/media\/2295"}],"wp:attachment":[{"href":"https:\/\/www.prolocobollengo.it\/index.php?rest_route=%2Fwp%2Fv2%2Fmedia&parent=2293"}],"wp:term":[{"taxonomy":"category","embeddable":true,"href":"https:\/\/www.prolocobollengo.it\/index.php?rest_route=%2Fwp%2Fv2%2Fcategories&post=2293"},{"taxonomy":"post_tag","embeddable":true,"href":"https:\/\/www.prolocobollengo.it\/index.php?rest_route=%2Fwp%2Fv2%2Ftags&post=2293"}],"curies":[{"name":"wp","href":"https:\/\/api.w.org\/{rel}","templated":true}]}}